{"id":485,"date":"2019-01-17T00:00:00","date_gmt":"2019-01-17T04:00:00","guid":{"rendered":"https:\/\/emba.com.bo\/alerta-de-extension-de-plazo\/"},"modified":"2022-11-14T12:05:55","modified_gmt":"2022-11-14T16:05:55","slug":"alerta-de-extension-de-plazo","status":"publish","type":"post","link":"https:\/\/emba.com.bo\/en\/alerta-de-extension-de-plazo\/","title":{"rendered":"Impuestos Nacionales: Alerta de Extensi\u00f3n de Plazo"},"content":{"rendered":"[vc_row][vc_column width=&#8221;1\/2&#8243;][vc_column_text]\n<p align=\"center\"><strong>Puntos Centrales<\/strong><\/p>\n<ul>\n<li>La ampliaci\u00f3n recae en plazo para la presentaci\u00f3n digital de estados financieros o memoria anual e informaci\u00f3n tributaria complementaria<\/li>\n<li>La extensi\u00f3n beneficia a empresas y terceros responsables del pago de IUE que cierran gesti\u00f3n al 31 de marzo o 30 de junio de 2018.<\/li>\n<li>El plazo se extender\u00e1 hasta el pr\u00f3ximo lunes 31 de diciembre.<\/li>\n<\/ul>\n[\/vc_column_text][\/vc_column][vc_column width=&#8221;1\/2&#8243;][vc_column_text]\n<p align=\"center\"><strong>Resumen\/Noticia<\/strong><\/p>\n<p>Mediante la Resoluci\u00f3n Normativa De Directorio N\u00b0 101800000025 de 16 de noviembre, el Servicio de Impuestos Nacionales dispuso la ampliaci\u00f3n del plazo para la presentaci\u00f3n digital de estados financieros o memoria anual e informaci\u00f3n tributaria complementaria.<\/p>\n<p>Seg\u00fan la resoluci\u00f3n, las empresas y terceros responsables sujetos al pago del Impuesto a las Utilidades de las empresas (IUE) que realizan actividades con cierre de gesti\u00f3n el 31 de marzo o 30 de junio del 2018 ahora se beneficiar\u00e1n con una extensi\u00f3n en el plazo hasta el pr\u00f3ximo lunes 31 de diciembre.[\/vc_column_text][\/vc_column][\/vc_row]\n","protected":false},"excerpt":{"rendered":"<p>[vc_row][vc_column width=&#8221;1\/2&#8243;][vc_column_text] Puntos Centrales La ampliaci\u00f3n recae en plazo para la presentaci\u00f3n digital de estados financieros o memoria anual e informaci\u00f3n tributaria complementaria La extensi\u00f3n beneficia a empresas y terceros responsables del pago de IUE que cierran gesti\u00f3n al 31 de marzo o 30 de junio de 2018. El plazo se extender\u00e1 hasta el pr\u00f3ximo&hellip;<\/p>\n","protected":false},"author":5,"featured_media":656,"comment_status":"closed","ping_status":"open","sticky":false,"template":"","format":"standard","meta":[],"categories":[3,73],"tags":[],"post_series":[],"acf":[],"_links":{"self":[{"href":"https:\/\/emba.com.bo\/en\/wp-json\/wp\/v2\/posts\/485"}],"collection":[{"href":"https:\/\/emba.com.bo\/en\/wp-json\/wp\/v2\/posts"}],"about":[{"href":"https:\/\/emba.com.bo\/en\/wp-json\/wp\/v2\/types\/post"}],"author":[{"embeddable":true,"href":"https:\/\/emba.com.bo\/en\/wp-json\/wp\/v2\/users\/5"}],"replies":[{"embeddable":true,"href":"https:\/\/emba.com.bo\/en\/wp-json\/wp\/v2\/comments?post=485"}],"version-history":[{"count":1,"href":"https:\/\/emba.com.bo\/en\/wp-json\/wp\/v2\/posts\/485\/revisions"}],"predecessor-version":[{"id":658,"href":"https:\/\/emba.com.bo\/en\/wp-json\/wp\/v2\/posts\/485\/revisions\/658"}],"wp:featuredmedia":[{"embeddable":true,"href":"https:\/\/emba.com.bo\/en\/wp-json\/wp\/v2\/media\/656"}],"wp:attachment":[{"href":"https:\/\/emba.com.bo\/en\/wp-json\/wp\/v2\/media?parent=485"}],"wp:term":[{"taxonomy":"category","embeddable":true,"href":"https:\/\/emba.com.bo\/en\/wp-json\/wp\/v2\/categories?post=485"},{"taxonomy":"post_tag","embeddable":true,"href":"https:\/\/emba.com.bo\/en\/wp-json\/wp\/v2\/tags?post=485"},{"taxonomy":"post_series","embeddable":true,"href":"https:\/\/emba.com.bo\/en\/wp-json\/wp\/v2\/post_series?post=485"}],"curies":[{"name":"wp","href":"https:\/\/api.w.org\/{rel}","templated":true}]}}